[{"@context":"https:\/\/schema.org\/","@type":"Article","@id":"https:\/\/www.ntenis.cz\/ctyrkolka-pro-syna\/#Article","mainEntityOfPage":"https:\/\/www.ntenis.cz\/ctyrkolka-pro-syna\/","headline":"\u010cty\u0159kolka pro syna","name":"\u010cty\u0159kolka pro syna","description":"M\u016fj mal\u00fd syn miluje motorky, syn je velik\u00fd bl\u00e1zen do motorek. M\u016fj sedmilet\u00fd syn st\u00e1le opakuje, \u017ee by\u00a0cht\u011bl m\u00edt motorku, jenom\u017ee abych pravdu \u0159ekla, tak [&hellip;]","datePublished":"2023-08-20","dateModified":"2024-06-20","author":{"@type":"Person","@id":"https:\/\/www.ntenis.cz\/author\/#Person","name":"","url":"https:\/\/www.ntenis.cz\/author\/","identifier":1,"image":{"@type":"ImageObject","@id":"https:\/\/secure.gravatar.com\/avatar\/858bd846075fd5b8b1d4245db80ad7e97c5f6469ebe7a8ed193790395667b9ae?s=96&d=mm&r=g","url":"https:\/\/secure.gravatar.com\/avatar\/858bd846075fd5b8b1d4245db80ad7e97c5f6469ebe7a8ed193790395667b9ae?s=96&d=mm&r=g","height":96,"width":96}},"publisher":{"@type":"Organization","name":"ntenis.cz","logo":{"@type":"ImageObject","@id":"\/logo.png","url":"\/logo.png","width":600,"height":60}},"image":{"@type":"ImageObject","@id":"https:\/\/www.ntenis.cz\/wp-content\/uploads\/motorcycle-2251510_1280.jpg","url":"https:\/\/www.ntenis.cz\/wp-content\/uploads\/motorcycle-2251510_1280.jpg","height":0,"width":0},"url":"https:\/\/www.ntenis.cz\/ctyrkolka-pro-syna\/","about":["Moto"],"wordCount":457,"articleBody":"M\u016fj mal\u00fd syn miluje motorky, syn je velik\u00fd bl\u00e1zen do motorek. M\u016fj sedmilet\u00fd syn st\u00e1le opakuje, \u017ee by\u00a0cht\u011bl m\u00edt motorku, jenom\u017ee abych pravdu \u0159ekla, tak j\u00e1 se boj\u00edm. Boj\u00edm se synovi po\u0159\u00eddit n\u011bjakou motorku. A\u00a0kdy\u017e jsem se potom koukala na d\u011btsk\u00e9 motorky, kter\u00e9 jsou od \u0161esti\u00a0let, kter\u00e9 jsou pro \u0161estilet\u00e9 d\u011bti, tak jsem se docela lekla. Jak m\u016f\u017eou takhle mal\u00e9 d\u011bti m\u00edt motorku? Potom jsem se rad\u011bji pod\u00edvala je\u0161t\u011b na \u010dty\u0159kolky a tohle u\u017e bylo skv\u011bl\u00e9. Jsou to tak\u00e9\u00a0\u010dty\u0159kolky od \u0161esti\u00a0let, tak\u017ee jsem si \u0159ekla, \u017ee vlastn\u011b na tomhle bude m\u00edt syn dobrou stabilitu. Akor\u00e1t jsem se potom pod\u00edvala na nejv\u011bt\u0161\u00ed\u00a0rychlost a v\u00edte, kolik m\u00e1\u00a0d\u011btsk\u00e1 \u010dty\u0159kolka, kter\u00e1 je od \u0161esti\u00a0let? Rychle jede pr\u00fd a\u017e pades\u00e1tikilometrovou rychlost\u00ed!\u00a0Nech\u00e1pu, jak d\u00edt\u011b v \u0161esti\u00a0letech nebo klidn\u011b i v sedmi\u00a0letech m\u016f\u017ee jet takhle rychle. Kdy\u017e si mysl\u00edm, \u017ee vlastn\u011b \u010dlov\u011bk, kdy\u017e jede na kolob\u011b\u017ece anebo na motorce, na n\u011bjak\u00e9 lehk\u00e9 motorce, tak m\u016f\u017ee jet maxim\u00e1ln\u011b p\u011btadvacet kilometr\u016f v hodin\u011b. Kdy\u017e nem\u00e1 \u0159idi\u010dsk\u00e9 opr\u00e1vn\u011bn\u00ed. Tak\u00a0jak mal\u00e9 d\u00edt\u011b m\u016f\u017ee na \u010dty\u0159kolce jet maxim\u00e1ln\u011b pades\u00e1tikilometrovou rychlost\u00ed? Tam psali u d\u011btsk\u00e9 \u010dty\u0159kolky, \u017ee to m\u00e1 t\u0159i re\u017eimy rychlost\u00ed. Pr\u00fd se to d\u00e1 omezit na sedmi\u00a0kilometrovou rychlost, potom na patn\u00e1cti\u00a0kilometrovou rychlost a potom u\u017e je pades\u00e1tikilometrov\u00e1 rychlost. Je to docela opravdu hodn\u011b zaj\u00edmav\u00e9 a nev\u00edm, jestli t\u0159eba n\u011bkdo v\u016fbec po\u0159\u00edd\u00ed tuhle \u010dty\u0159kolku sv\u00e9mu mal\u00e9mu d\u00edt\u011bti. V\u017edy\u0165 p\u0159eci\u00a0i kdyby \u010dlov\u011bk jel\u00a0na kole, tak ho d\u00edt\u011b jednozna\u010dn\u011b p\u0159edjede. Maxim\u00e1ln\u011b, \u017ee by mu to omezil na patn\u00e1cti\u00a0kilometrovou rychlost v hodin\u011b. Tohle bych p\u0159esn\u011b ud\u011blala j\u00e1. M\u016fj syn m\u00e1 toti\u017e autismus, takov\u00fd leh\u010d\u00ed autismus a v\u016fbec neudr\u017e\u00ed koordinaci na kole. Tak\u017ee budu uva\u017eovat o tom, \u017ee bych synovi po\u0159\u00eddila tuhle \u010dty\u0159kolku a samoz\u0159ejm\u011b, \u017ee bych mu to omezila na tu st\u0159edn\u00ed rychlost. Rozhodn\u011b bych necht\u011bla, aby syn jel opravdu hodn\u011b rychle, proto\u017ee je mi jasn\u00e9, \u017ee by vyv\u00e1d\u011bl nebo se p\u0159edv\u00e1d\u011bl a potom by se n\u011bkde vyboural a j\u00e1 bych si to potom vy\u010d\u00edtala. Stejn\u011b ale nech\u00e1pu, \u017ee d\u00edt\u011b m\u016f\u017ee takhle rychle, kdy\u017e dosp\u011bl\u00fd takhle rychle jet zase nem\u016f\u017ee. Kdy\u017e nem\u00e1 \u0159idi\u010dsk\u00e9 opr\u00e1vn\u011bn\u00ed. Je to takov\u00e9 zaj\u00edmav\u00e9 a tak\u00e9 z\u00e1rove\u0148 zapeklit\u00e9.\u00a0                                                                                                                                                                                                                                                                                                                                                                                                "},{"@context":"https:\/\/schema.org\/","@type":"BreadcrumbList","itemListElement":[{"@type":"ListItem","position":1,"name":"\u010cty\u0159kolka pro syna","item":"https:\/\/www.ntenis.cz\/ctyrkolka-pro-syna\/#breadcrumbitem"}]}]