[{"@context":"https:\/\/schema.org\/","@type":"Article","@id":"https:\/\/www.ntenis.cz\/nase-ceska-kultura\/#Article","mainEntityOfPage":"https:\/\/www.ntenis.cz\/nase-ceska-kultura\/","headline":"Na\u0161e \u010desk\u00e1 kultura","name":"Na\u0161e \u010desk\u00e1 kultura","description":"Kultura je podle m\u00e9ho n\u00e1zoru opravdu hodn\u011b d\u016fle\u017eit\u00e1. Lid\u00e9 by v\u017edycky m\u011bli poznat n\u011bjakou kulturu a podle m\u00e9ho n\u00e1zoru lid\u00e9 by v\u017edycky m\u011bli zn\u00e1t n\u011bjakou [&hellip;]","datePublished":"2023-11-12","dateModified":"2023-11-12","author":{"@type":"Person","@id":"https:\/\/www.ntenis.cz\/author\/#Person","name":"","url":"https:\/\/www.ntenis.cz\/author\/","identifier":1,"image":{"@type":"ImageObject","@id":"https:\/\/secure.gravatar.com\/avatar\/858bd846075fd5b8b1d4245db80ad7e97c5f6469ebe7a8ed193790395667b9ae?s=96&d=mm&r=g","url":"https:\/\/secure.gravatar.com\/avatar\/858bd846075fd5b8b1d4245db80ad7e97c5f6469ebe7a8ed193790395667b9ae?s=96&d=mm&r=g","height":96,"width":96}},"publisher":{"@type":"Organization","name":"ntenis.cz","logo":{"@type":"ImageObject","@id":"\/logo.png","url":"\/logo.png","width":600,"height":60}},"image":{"@type":"ImageObject","@id":"https:\/\/www.ntenis.cz\/wp-content\/uploads\/south-africa-2267794_960_720.jpg","url":"https:\/\/www.ntenis.cz\/wp-content\/uploads\/south-africa-2267794_960_720.jpg","height":0,"width":0},"url":"https:\/\/www.ntenis.cz\/nase-ceska-kultura\/","about":["Kultura"],"wordCount":424,"articleBody":"Kultura je podle m\u00e9ho n\u00e1zoru opravdu hodn\u011b d\u016fle\u017eit\u00e1. Lid\u00e9 by v\u017edycky m\u011bli poznat n\u011bjakou kulturu a podle m\u00e9ho n\u00e1zoru lid\u00e9 by v\u017edycky m\u011bli zn\u00e1t n\u011bjakou kulturu, a to hlavn\u011b sv\u00e9ho m\u011bsta nebo tak\u00e9 sv\u00e9ho st\u00e1tu. J\u00e1 tak\u00e9 u\u010d\u00edm sv\u00e9 d\u011bti k tomu, \u017ee existuje kultura, kter\u00e1 je velice d\u016fle\u017eit\u00e1. Sv\u00e9 d\u011bti u\u010d\u00edm kulturu na\u0161eho st\u00e1tu na\u0161\u00ed \u010cesk\u00e9 republiky. Mn\u011b se na\u0161e republika opravdu hodn\u011b l\u00edb\u00ed a jsem r\u00e1da, \u017ee tady m\u00e1me tak\u00e9 opravdu velik\u00e9 kulturn\u00ed d\u011bdictv\u00ed. Byla jsem se tak\u00e9 pod\u00edvat do skl\u00e1rny. Je to mysl\u00edm u \u010cesk\u00e9 l\u00edpy. Pokud si to dob\u0159e pamatuji, mysl\u00edm n\u011bkde u Nov\u00e9ho Boru.Tam jsem byla jednou\u00a0za svobodna a potom je\u0161t\u011b s partnerem a s\u00a0na\u0161imi d\u011btmi mus\u00edm \u0159\u00edct, \u017ee jsem byla opravdu hodn\u011b pot\u011b\u0161en\u00e1 a moc se mi to v\u0161echno l\u00edbilo. Proto jsem \u0159ekla partnerovi, \u017ee m\u011b t\u011b\u0161\u00ed, \u017ee tak\u00e9 tato skl\u00e1rna by pr\u00fd m\u011bla b\u00fdt zaps\u00e1na na UNESCO. V\u00edte, co je to UNESCO? Tam se\u00a0d\u00e1vaj\u00ed a zapisuj\u00ed pam\u00e1tky, v\u0161echny takov\u00e9 pam\u00e1tky, kter\u00e9 jsou n\u011b\u010d\u00edm v\u00fdznamn\u00e9. A pr\u00e1v\u011b si mysl\u00edm, \u017ee\u00a0skl\u00e1rna v na\u0161\u00ed republice je opravdu popul\u00e1rn\u00ed a hodn\u011b kvalitn\u00ed a m\u011bla by b\u00fdt tak\u00e9 na seznamu UNESCO. Kdy\u017e u\u017e se bav\u00edme o kultu\u0159e, tak m\u00e1te r\u00e1di kulturu?\u00a0Chod\u00edte n\u011bkam za kulturou? Nap\u0159\u00edklad m\u016fj star\u0161\u00ed syn si obl\u00edbil divadlo, byla jsem opravdu hodn\u011b p\u0159ekvapen\u00e1, proto\u017ee jsem v\u016fbec nev\u011bd\u011bla, \u017ee m\u016fj syn bude m\u00edt r\u00e1d divadlo. Sp\u00ed\u0161\u00a0jsem sv\u00e9ho syna tipovala na kino anebo t\u0159eba na n\u011bjak\u00e9 hudebn\u00ed festivaly. Pr\u00e1v\u011b z\u00e1libu v hudebn\u00edch festivalech m\u00e1 r\u00e1da moje dcera, ale kdy\u017e to tak vezmu kolem a kolem, tak j\u00e1 jako mal\u00e1 holka, potom tak j\u00e1 jako dosp\u00edvaj\u00edc\u00ed jsem moc r\u00e1da chodila tak\u00e9 na r\u016fzn\u00e9 diskot\u00e9ky nebo z\u00e1bavy a tak\u00e9 potom na hudebn\u00ed festivaly. M\u016fj syn\u00a0tam pr\u00fd byl\u00a0jenom dvakr\u00e1t, je mu dvacet dva\u00a0let ale \u0159ekl, \u017ee ho hudebn\u00ed festivaly v\u016fbec nezaujaly. Pr\u00fd mu vad\u00ed, jak ta hudba tam hraje stra\u0161n\u011b nahlas, pr\u00fd si rad\u011bji poslechne n\u011bjakou symfonii v divadle. Ale co, m\u011b se tohle l\u00edb\u00ed.\u00a0                                                                                                                                                                                                                                                                                                                                                                                                "},{"@context":"https:\/\/schema.org\/","@type":"BreadcrumbList","itemListElement":[{"@type":"ListItem","position":1,"name":"Na\u0161e \u010desk\u00e1 kultura","item":"https:\/\/www.ntenis.cz\/nase-ceska-kultura\/#breadcrumbitem"}]}]