[{"@context":"https:\/\/schema.org\/","@type":"Article","@id":"https:\/\/www.ntenis.cz\/neustale-problemy-s-jeho-matkou\/#Article","mainEntityOfPage":"https:\/\/www.ntenis.cz\/neustale-problemy-s-jeho-matkou\/","headline":"Neust\u00e1l\u00e9 probl\u00e9my s jeho matkou","name":"Neust\u00e1l\u00e9 probl\u00e9my s jeho matkou","description":"S p\u0159\u00edtelem jsme spolu dva roky a \u017eijeme v jednom dom\u011b s jeho rodi\u010di, oni dole a my naho\u0159e. M\u00e1me jin\u00e9 vchody. Neust\u00e1le je n\u011bjak\u00fd [&hellip;]","datePublished":"2024-01-23","dateModified":"2024-01-23","author":{"@type":"Person","@id":"https:\/\/www.ntenis.cz\/author\/#Person","name":"","url":"https:\/\/www.ntenis.cz\/author\/","identifier":1,"image":{"@type":"ImageObject","@id":"https:\/\/secure.gravatar.com\/avatar\/858bd846075fd5b8b1d4245db80ad7e97c5f6469ebe7a8ed193790395667b9ae?s=96&d=mm&r=g","url":"https:\/\/secure.gravatar.com\/avatar\/858bd846075fd5b8b1d4245db80ad7e97c5f6469ebe7a8ed193790395667b9ae?s=96&d=mm&r=g","height":96,"width":96}},"publisher":{"@type":"Organization","name":"ntenis.cz","logo":{"@type":"ImageObject","@id":"\/logo.png","url":"\/logo.png","width":600,"height":60}},"image":{"@type":"ImageObject","@id":"https:\/\/www.ntenis.cz\/wp-content\/uploads\/pexels-annetnavi-840566_4.jpg","url":"https:\/\/www.ntenis.cz\/wp-content\/uploads\/pexels-annetnavi-840566_4.jpg","height":0,"width":0},"url":"https:\/\/www.ntenis.cz\/neustale-problemy-s-jeho-matkou\/","about":["Lifestyle"],"wordCount":434,"articleBody":"S p\u0159\u00edtelem jsme spolu dva roky a \u017eijeme v jednom dom\u011b s jeho rodi\u010di, oni dole a my naho\u0159e. M\u00e1me jin\u00e9 vchody. Neust\u00e1le je n\u011bjak\u00fd probl\u00e9m s jeho matkou. V\u011b\u010dn\u011b m\u00e1 n\u011bjak\u00fd probl\u00e9m, cokoliv ud\u011bl\u00e1m, je \u0161patn\u011b, nen\u00ed to dostate\u010dn\u00e9. Podot\u00fdk\u00e1m, \u017ee o p\u0159\u00edtele i dom\u00e1cnost se star\u00e1m velmi dob\u0159e, Chod\u00edm do pr\u00e1ce, vyd\u011bl\u00e1v\u00e1m slu\u0161n\u00e9 pen\u00edze. Ka\u017ed\u00fd den m\u00e1 nava\u0159eno, p\u0159ipraveno v krabi\u010dce do pr\u00e1ce. Ukl\u00edz\u00edm, va\u0159\u00edm, peru, \u017eehl\u00edm, zkr\u00e1tka v\u0161echno.\u00a0V\u010dera si byl p\u0159\u00edtel sednout s jeho rodi\u010di u nich na terase, kter\u00e1 je hned pod na\u0161\u00edm balkonem. Pop\u00edjeli. Kolem 11. hodiny jsem si \u0161la zakou\u0159it na balk\u00f3n, kdy\u017e jsem sly\u0161ela, jak m\u011b tam pomlouv\u00e1 jeho matka, \u017ee s n\u00edm nechci d\u00edt\u011b, a \u017ee tak dlouho p\u0159eb\u00edral a\u017e na n\u011bj zbylo \u201ctohle\u201d, \u010dili j\u00e1. A hlavn\u011b \u017ee jsem kr\u00e1va z Pod\u011bbrad. To m\u011b dostalo absolutn\u011b nejv\u00edc, \u010d\u00edm jsem si tohle mohla zaslou\u017eit. Do bar\u016f, hospod nechod\u00edm, partner v podstat\u011b st\u00e1le. D\u00e1 se \u0159\u00edct, \u017ee jsem skoro jen doma, ob\u010das si zajdu s jednou kamar\u00e1dkou na k\u00e1vu. Tohle m\u011b absolutn\u011b dostalo. Je\u0161t\u011b b\u016fhv\u00ed, co dal\u0161\u00edho tam \u0159\u00edkala, co jsem nesly\u0161ela. \u0160la jsem dol\u016f a vyjela jsem na ni, jestli tohle mysl\u00ed v\u00e1\u017en\u011b, co si to dovoluje a co jsem jako ud\u011blala, \u017ee o m\u011b takhle mluv\u00ed. Na to ona na m\u011b za\u010dala \u0159v\u00e1t, \u017ee co j\u00e1 si to dovoluji\u00a0k n\u00ed, \u017ee \u0159\u00edk\u00e1 jen pravdu. Ne\u010dekala, \u017ee jsem ji sly\u0161ela, \u017ee j\u00ed takhle konfrontuji. P\u0159\u00edtel tam jen sed\u011bl a skoro nic ne\u0159ekl. A potom \u0159ekl a\u0165 jdeme ob\u011b n\u011bkam a netah\u00e1me ho do toho.\u00a0Nev\u00edm, co m\u00e1m d\u011blat v\u00edc, abych pro ni byla dost dobr\u00e1. Nech\u00e1pu, co je tohle za \u010dlov\u011bka. V \u017eivot\u011b jsem se s ni\u010d\u00edm takov\u00fdm nesetkala. Moje rodi\u010de a cel\u00e1 rodina jsou k partnerovi slu\u0161n\u00ed a hodn\u00ed. Ned\u00e1vno jsem mluvila s b\u00fdvalou p\u0159\u00edtelkyn\u00ed partnera a ta mi vypr\u00e1v\u011bla n\u011bco podobn\u00e9ho co si s n\u00ed za\u017eila. A v\u00edm o dal\u0161\u00ed b\u00fdval\u00e9, kter\u00e1 s n\u00ed m\u011bla probl\u00e9m. Po\u0161tv\u00e1v\u00e1 proti mn\u011b p\u0159\u00edtele, jeho t\u00e1tu, jeho sestru, babi\u010dku, nev\u00edm, co d\u011bl\u00e1m \u0161patn\u011b.                                                                                                                                                                                                                                                                                                                                                                                                "},{"@context":"https:\/\/schema.org\/","@type":"BreadcrumbList","itemListElement":[{"@type":"ListItem","position":1,"name":"Neust\u00e1l\u00e9 probl\u00e9my s jeho matkou","item":"https:\/\/www.ntenis.cz\/neustale-problemy-s-jeho-matkou\/#breadcrumbitem"}]}]